{"id":478,"date":"2017-06-13T20:39:55","date_gmt":"2017-06-13T19:39:55","guid":{"rendered":"https:\/\/www.dorpenwijk.nl\/reeuwijk-brug-west\/?p=478"},"modified":"2017-06-13T20:39:55","modified_gmt":"2017-06-13T19:39:55","slug":"herinrichting-reeuwijk-brug-westinspraak-woensdagavond-14-juni","status":"publish","type":"post","link":"https:\/\/www.dorpenwijk.nl\/reeuwijk-brug\/herinrichting-reeuwijk-brug-westinspraak-woensdagavond-14-juni\/","title":{"rendered":"Herinrichting Reeuwijk-Brug West\/Inspraak woensdagavond 14 juni"},"content":{"rendered":"<p><span style=\"color: #000000; font-family: Calibri;\">Helaas hebben wij te horen gekregen dat de herinrichting van onze wijk pas in 2018 gaat beginnen. Hoewel ons was toegezegd dat dit najaar begonnen zou worden met de Dorus Rijkerstraat en het plein bij de Coop\/het Huis van Alles heeft het ons teleurgesteld dat wij dit nieuws kregen. Maar!! Het goede nieuws hiervan is dat de wijk niet alleen opgehoogd gaat worden! Ook de riolering wordt vervangen en de kwaliteit van de herinrichting zal met sprongen vooruit gaan. De renovatie zal vijf tot zes jaar in beslag nemen. Dit vinden wij wel heel erg lang. Technisch gezien is het mogelijk om de renovatie in een tijdsbestek van ongeveer drie jaar klaar te krijgen, maar dan zal er meer budget vrij moeten komen. De reden dat er vijf tot zes jaar over gedaan gaat worden is dus dat de financi\u00eble middelen niet toereikend zijn om het in drie jaar klaar te spelen. <\/span><\/p>\n<p><span style=\"color: #000000; font-family: Calibri;\">Wij willen op woensdagavond 14 juni inspreken bij de Gemeenteraad. Wij willen het belang benadrukken dat er genoeg financi\u00ebn in een paar jaar (minder dan vijf) beschikbaar moeten zijn om onze gehele wijk te herinrichten en het werk aan \u00e9\u00e9n stuk door te kunnen uitvoeren.<\/span><\/p>\n<p><span style=\"color: #000000; font-family: Calibri;\">Hoewel de inspraak maar vijf minuten is, is het voor ons heel belangrijk! Mocht u ons willen ondersteunen bent u van harte welkom in het gemeentehuis om 20.00 uur. Het gaat ook om uw wijk!<\/span><\/p>\n","protected":false},"excerpt":{"rendered":"<p>Helaas hebben wij te horen gekregen dat de herinrichting van onze wijk pas in 2018 gaat beginnen. Hoewel ons was toegezegd dat dit najaar begonnen zou worden met de Dorus &#8230; <\/p>\n<div><a href=\"https:\/\/www.dorpenwijk.nl\/reeuwijk-brug\/herinrichting-reeuwijk-brug-westinspraak-woensdagavond-14-juni\/\" class=\"more-link\">Lees meer<\/a><\/div>\n","protected":false},"author":4,"featured_media":0,"comment_status":"open","ping_status":"open","sticky":false,"template":"","format":"standard","meta":{"jetpack_publicize_message":"","jetpack_is_tweetstorm":false,"jetpack_publicize_feature_enabled":true,"jetpack_social_post_already_shared":true,"jetpack_social_options":{"image_generator_settings":{"template":"highway","enabled":false}}},"categories":[1],"tags":[],"jetpack_publicize_connections":[],"jetpack_featured_media_url":"","jetpack_shortlink":"https:\/\/wp.me\/p3iBKz-7I","jetpack_sharing_enabled":true,"_links":{"self":[{"href":"https:\/\/www.dorpenwijk.nl\/reeuwijk-brug\/wp-json\/wp\/v2\/posts\/478"}],"collection":[{"href":"https:\/\/www.dorpenwijk.nl\/reeuwijk-brug\/wp-json\/wp\/v2\/posts"}],"about":[{"href":"https:\/\/www.dorpenwijk.nl\/reeuwijk-brug\/wp-json\/wp\/v2\/types\/post"}],"author":[{"embeddable":true,"href":"https:\/\/www.dorpenwijk.nl\/reeuwijk-brug\/wp-json\/wp\/v2\/users\/4"}],"replies":[{"embeddable":true,"href":"https:\/\/www.dorpenwijk.nl\/reeuwijk-brug\/wp-json\/wp\/v2\/comments?post=478"}],"version-history":[{"count":1,"href":"https:\/\/www.dorpenwijk.nl\/reeuwijk-brug\/wp-json\/wp\/v2\/posts\/478\/revisions"}],"predecessor-version":[{"id":479,"href":"https:\/\/www.dorpenwijk.nl\/reeuwijk-brug\/wp-json\/wp\/v2\/posts\/478\/revisions\/479"}],"wp:attachment":[{"href":"https:\/\/www.dorpenwijk.nl\/reeuwijk-brug\/wp-json\/wp\/v2\/media?parent=478"}],"wp:term":[{"taxonomy":"category","embeddable":true,"href":"https:\/\/www.dorpenwijk.nl\/reeuwijk-brug\/wp-json\/wp\/v2\/categories?post=478"},{"taxonomy":"post_tag","embeddable":true,"href":"https:\/\/www.dorpenwijk.nl\/reeuwijk-brug\/wp-json\/wp\/v2\/tags?post=478"}],"curies":[{"name":"wp","href":"https:\/\/api.w.org\/{rel}","templated":true}]}}